{"id":1328,"date":"2026-06-16T14:05:10","date_gmt":"2026-06-16T14:05:10","guid":{"rendered":"https:\/\/beaurepairedemain.fr\/?p=1328"},"modified":"2026-08-10T15:17:53","modified_gmt":"2026-08-10T15:17:53","slug":"interventions-de-vos-elus","status":"publish","type":"post","link":"https:\/\/beaurepairedemain.fr\/?p=1328","title":{"rendered":"Interventions de vos \u00e9lus"},"content":{"rendered":"\n<p class=\"wp-block-paragraph\"><strong>\u2022 Approbation du PV du CM du 23\/04\/2026<\/strong><\/p>\n\n\n\n<p class=\"wp-block-paragraph\">Concernant la publication des montants des indemnit\u00e9s des \u00e9lus, nous souhaitons rappeler le sens de notre premi\u00e8re demande, qui a peut-\u00eatre \u00e9t\u00e9 mal comprise : nous n&rsquo;avons pas sollicit\u00e9 les informations concernant les indemnit\u00e9s \u00e0 titre personnel. Nous avons demand\u00e9 \u00e0 ce que les montants des indemnit\u00e9s des \u00e9lus figurent express\u00e9ment en euros dans le proc\u00e8s-verbal, et soient ainsi visibles de tous les citoyens qui consulteront ce document public.<\/p>\n\n\n\n<p class=\"wp-block-paragraph\"><strong>\u2022 G\u00c9N\u00c9RAL<\/strong><\/p>\n\n\n\n<p class=\"wp-block-paragraph\">(Rapporteur Emilie RATTON) D\u00e9signation d\u2019un r\u00e9f\u00e9rent r\u00e9seau de veille ambroisie et esp\u00e8ces invasives. Nous regrettons, comme l&rsquo;autre groupe d&rsquo;opposition, que cette d\u00e9signation ne soit pas d\u00e9cid\u00e9e par la Commission concern\u00e9e.<\/p>\n\n\n\n<p class=\"wp-block-paragraph\"><strong>\u2022 FONCIER<\/strong><\/p>\n\n\n\n<p class=\"wp-block-paragraph\">(Rapporteur Patrick BERTHON) Convention de mise \u00e0 disposition d\u2019un espace dans un local communal au profit de l\u2019association le TACOT DE BIEVRE VALLOIRE MOBILITE. L\u2019association a dans son objet une mission d\u2019insertion sociale et professionnelle et de mobilit\u00e9 sur le territoire et pr\u00eate notamment des v\u00e9los \u00e0 assistance \u00e9lectrique. Nous demandons si l&rsquo;acc\u00e8s \u00e0 ces services sera \u00e9largi \u00e0 d&rsquo;autres publics (notamment les jeunes) dans un objectif d&rsquo;aide \u00e0 la mobilit\u00e9 et de valorisation des mobilit\u00e9s douces. -&gt; Non, pas de volont\u00e9 de la Mairie de proposer ce genre de services \u00e0 d&rsquo;autres habitants (seulement ceux qui sont accompagn\u00e9s par l&rsquo;association).<\/p>\n\n\n\n<p class=\"wp-block-paragraph\"><strong>\u2022 FINANCES<\/strong><\/p>\n\n\n\n<p class=\"wp-block-paragraph\">(Rapporteur Monsieur J\u00e9r\u00e9mie VIAL) Subventions exceptionnelles \u00e0 trois associations : Nous demandons quand et par qui cela a \u00e9t\u00e9 d\u00e9cid\u00e9 ? car ces demandes n&rsquo;ont pas \u00e9t\u00e9 pr\u00e9sent\u00e9es ni \u00e9t\u00e9 discut\u00e9es en commission Culture ou Commission Sports&#8230; <\/p>\n\n\n\n<ul class=\"wp-block-list\">\n<li>Subvention compl\u00e9mentaire exceptionnelle d\u2019un montant de 500 \u20ac pour Twirling Sport Beaurepairois ;<\/li>\n\n\n\n<li>Subvention compl\u00e9mentaire exceptionnelle d&rsquo;un montant de 500\u20ac pour la nouvelle association des Conscrits de Beaurepaire ;<\/li>\n\n\n\n<li>Subvention exceptionnelle de 50 \u20ac \u00e0 l\u2019association nationale des croix de guerre et de la valeur militaire.<\/li>\n<\/ul>\n","protected":false},"excerpt":{"rendered":"<p>\u2022 Approbation du PV du CM du 23\/04\/2026 Concernant la publication des montants des indemnit\u00e9s des \u00e9lus, nous souhaitons rappeler le sens de notre premi\u00e8re demande, qui a peut-\u00eatre \u00e9t\u00e9 mal comprise : nous n&rsquo;avons pas sollicit\u00e9 les informations concernant les indemnit\u00e9s \u00e0 titre personnel. Nous avons demand\u00e9 \u00e0 ce que les montants des indemnit\u00e9s [&hellip;]<\/p>\n","protected":false},"author":1,"featured_media":1329,"comment_status":"closed","ping_status":"closed","sticky":false,"template":"","format":"standard","meta":{"footnotes":""},"categories":[1],"tags":[],"class_list":["post-1328","post","type-post","status-publish","format-standard","has-post-thumbnail","hentry","category-uncategorized"],"_links":{"self":[{"href":"https:\/\/beaurepairedemain.fr\/index.php?rest_route=\/wp\/v2\/posts\/1328","targetHints":{"allow":["GET"]}}],"collection":[{"href":"https:\/\/beaurepairedemain.fr\/index.php?rest_route=\/wp\/v2\/posts"}],"about":[{"href":"https:\/\/beaurepairedemain.fr\/index.php?rest_route=\/wp\/v2\/types\/post"}],"author":[{"embeddable":true,"href":"https:\/\/beaurepairedemain.fr\/index.php?rest_route=\/wp\/v2\/users\/1"}],"replies":[{"embeddable":true,"href":"https:\/\/beaurepairedemain.fr\/index.php?rest_route=%2Fwp%2Fv2%2Fcomments&post=1328"}],"version-history":[{"count":7,"href":"https:\/\/beaurepairedemain.fr\/index.php?rest_route=\/wp\/v2\/posts\/1328\/revisions"}],"predecessor-version":[{"id":1399,"href":"https:\/\/beaurepairedemain.fr\/index.php?rest_route=\/wp\/v2\/posts\/1328\/revisions\/1399"}],"wp:featuredmedia":[{"embeddable":true,"href":"https:\/\/beaurepairedemain.fr\/index.php?rest_route=\/wp\/v2\/media\/1329"}],"wp:attachment":[{"href":"https:\/\/beaurepairedemain.fr\/index.php?rest_route=%2Fwp%2Fv2%2Fmedia&parent=1328"}],"wp:term":[{"taxonomy":"category","embeddable":true,"href":"https:\/\/beaurepairedemain.fr\/index.php?rest_route=%2Fwp%2Fv2%2Fcategories&post=1328"},{"taxonomy":"post_tag","embeddable":true,"href":"https:\/\/beaurepairedemain.fr\/index.php?rest_route=%2Fwp%2Fv2%2Ftags&post=1328"}],"curies":[{"name":"wp","href":"https:\/\/api.w.org\/{rel}","templated":true}]}}